{"id":4574,"date":"2023-12-01T10:18:20","date_gmt":"2023-12-01T09:18:20","guid":{"rendered":"https:\/\/www.epmfr.ch\/?p=4574"},"modified":"2026-06-10T08:54:08","modified_gmt":"2026-06-10T06:54:08","slug":"poste-a-pourvoir","status":"publish","type":"post","link":"https:\/\/www.epmfr.ch\/de\/poste-a-pourvoir\/","title":{"rendered":"La for\u00eat comme salle de classe"},"content":{"rendered":"<p>Les bienfaits de la for\u00eat comme salle de classe\u2026<\/p>\n<p>&nbsp;<\/p>\n<p><!--more--><\/p>\n<p>C\u2019est tous les vendredis matin pour les \u00e9l\u00e8ves de la 1H \u00e0 la 4H.<\/p>\n<p>L\u2019EPM suit le plan d\u2019\u00e9tudes romand, mais avec une approche innovante et b\u00e9n\u00e9fique pour la sant\u00e9 mentale et physique des enfants.<\/p>\n<p>Par tous les temps, les enseignant.es enrichissent et adaptent leurs cours au contact de la nature et l\u2019apprentissage et la concentration des enfants s\u2019en trouvent favoris\u00e9s.<\/p>\n<p><img loading=\"lazy\" decoding=\"async\" class=\"alignnone size-medium wp-image-6034\" src=\"https:\/\/www.epmfr.ch\/wp-content\/uploads\/2026\/06\/WhatsApp-Image-2026-04-24-at-16.08.03-5-300x225.jpeg\" alt=\"\" width=\"300\" height=\"225\" srcset=\"https:\/\/www.epmfr.ch\/wp-content\/uploads\/2026\/06\/WhatsApp-Image-2026-04-24-at-16.08.03-5-300x225.jpeg 300w, https:\/\/www.epmfr.ch\/wp-content\/uploads\/2026\/06\/WhatsApp-Image-2026-04-24-at-16.08.03-5-1024x768.jpeg 1024w, https:\/\/www.epmfr.ch\/wp-content\/uploads\/2026\/06\/WhatsApp-Image-2026-04-24-at-16.08.03-5-768x576.jpeg 768w, https:\/\/www.epmfr.ch\/wp-content\/uploads\/2026\/06\/WhatsApp-Image-2026-04-24-at-16.08.03-5-1536x1152.jpeg 1536w, https:\/\/www.epmfr.ch\/wp-content\/uploads\/2026\/06\/WhatsApp-Image-2026-04-24-at-16.08.03-5.jpeg 2048w\" sizes=\"auto, (max-width: 300px) 100vw, 300px\" \/> <img loading=\"lazy\" decoding=\"async\" class=\"alignnone size-medium wp-image-6031\" src=\"https:\/\/www.epmfr.ch\/wp-content\/uploads\/2026\/06\/WhatsApp-Image-2026-04-24-at-16.08.03-4-226x300.jpeg\" alt=\"\" width=\"226\" height=\"300\" srcset=\"https:\/\/www.epmfr.ch\/wp-content\/uploads\/2026\/06\/WhatsApp-Image-2026-04-24-at-16.08.03-4-226x300.jpeg 226w, https:\/\/www.epmfr.ch\/wp-content\/uploads\/2026\/06\/WhatsApp-Image-2026-04-24-at-16.08.03-4-771x1024.jpeg 771w, https:\/\/www.epmfr.ch\/wp-content\/uploads\/2026\/06\/WhatsApp-Image-2026-04-24-at-16.08.03-4-768x1021.jpeg 768w, https:\/\/www.epmfr.ch\/wp-content\/uploads\/2026\/06\/WhatsApp-Image-2026-04-24-at-16.08.03-4-1156x1536.jpeg 1156w, https:\/\/www.epmfr.ch\/wp-content\/uploads\/2026\/06\/WhatsApp-Image-2026-04-24-at-16.08.03-4.jpeg 1204w\" sizes=\"auto, (max-width: 226px) 100vw, 226px\" \/> <img loading=\"lazy\" decoding=\"async\" class=\"alignnone size-medium wp-image-6028\" src=\"https:\/\/www.epmfr.ch\/wp-content\/uploads\/2026\/06\/WhatsApp-Image-2026-04-24-at-16.08.03-3-300x226.jpeg\" alt=\"\" width=\"300\" height=\"226\" srcset=\"https:\/\/www.epmfr.ch\/wp-content\/uploads\/2026\/06\/WhatsApp-Image-2026-04-24-at-16.08.03-3-300x226.jpeg 300w, https:\/\/www.epmfr.ch\/wp-content\/uploads\/2026\/06\/WhatsApp-Image-2026-04-24-at-16.08.03-3-1024x771.jpeg 1024w, https:\/\/www.epmfr.ch\/wp-content\/uploads\/2026\/06\/WhatsApp-Image-2026-04-24-at-16.08.03-3-768x578.jpeg 768w, https:\/\/www.epmfr.ch\/wp-content\/uploads\/2026\/06\/WhatsApp-Image-2026-04-24-at-16.08.03-3-1536x1156.jpeg 1536w, https:\/\/www.epmfr.ch\/wp-content\/uploads\/2026\/06\/WhatsApp-Image-2026-04-24-at-16.08.03-3.jpeg 1600w\" sizes=\"auto, (max-width: 300px) 100vw, 300px\" \/> <img loading=\"lazy\" decoding=\"async\" class=\"alignnone size-medium wp-image-6025\" src=\"https:\/\/www.epmfr.ch\/wp-content\/uploads\/2026\/06\/WhatsApp-Image-2026-04-24-at-16.08.03-2-300x226.jpeg\" alt=\"\" width=\"300\" height=\"226\" srcset=\"https:\/\/www.epmfr.ch\/wp-content\/uploads\/2026\/06\/WhatsApp-Image-2026-04-24-at-16.08.03-2-300x226.jpeg 300w, https:\/\/www.epmfr.ch\/wp-content\/uploads\/2026\/06\/WhatsApp-Image-2026-04-24-at-16.08.03-2-1024x771.jpeg 1024w, https:\/\/www.epmfr.ch\/wp-content\/uploads\/2026\/06\/WhatsApp-Image-2026-04-24-at-16.08.03-2-768x578.jpeg 768w, https:\/\/www.epmfr.ch\/wp-content\/uploads\/2026\/06\/WhatsApp-Image-2026-04-24-at-16.08.03-2-1536x1156.jpeg 1536w, https:\/\/www.epmfr.ch\/wp-content\/uploads\/2026\/06\/WhatsApp-Image-2026-04-24-at-16.08.03-2.jpeg 1600w\" sizes=\"auto, (max-width: 300px) 100vw, 300px\" \/> <img loading=\"lazy\" decoding=\"async\" class=\"alignnone size-medium wp-image-6022\" src=\"https:\/\/www.epmfr.ch\/wp-content\/uploads\/2026\/06\/WhatsApp-Image-2025-02-26-at-08.48.11-2-226x300.jpeg\" alt=\"\" width=\"226\" height=\"300\" srcset=\"https:\/\/www.epmfr.ch\/wp-content\/uploads\/2026\/06\/WhatsApp-Image-2025-02-26-at-08.48.11-2-226x300.jpeg 226w, https:\/\/www.epmfr.ch\/wp-content\/uploads\/2026\/06\/WhatsApp-Image-2025-02-26-at-08.48.11-2-771x1024.jpeg 771w, https:\/\/www.epmfr.ch\/wp-content\/uploads\/2026\/06\/WhatsApp-Image-2025-02-26-at-08.48.11-2-768x1020.jpeg 768w, https:\/\/www.epmfr.ch\/wp-content\/uploads\/2026\/06\/WhatsApp-Image-2025-02-26-at-08.48.11-2-1157x1536.jpeg 1157w, https:\/\/www.epmfr.ch\/wp-content\/uploads\/2026\/06\/WhatsApp-Image-2025-02-26-at-08.48.11-2.jpeg 1536w\" sizes=\"auto, (max-width: 226px) 100vw, 226px\" \/> <img loading=\"lazy\" decoding=\"async\" class=\"alignnone size-medium wp-image-6019\" src=\"https:\/\/www.epmfr.ch\/wp-content\/uploads\/2026\/06\/WhatsApp-Image-2025-02-26-at-08.48.11-1-226x300.jpeg\" alt=\"\" width=\"226\" height=\"300\" srcset=\"https:\/\/www.epmfr.ch\/wp-content\/uploads\/2026\/06\/WhatsApp-Image-2025-02-26-at-08.48.11-1-226x300.jpeg 226w, https:\/\/www.epmfr.ch\/wp-content\/uploads\/2026\/06\/WhatsApp-Image-2025-02-26-at-08.48.11-1-771x1024.jpeg 771w, https:\/\/www.epmfr.ch\/wp-content\/uploads\/2026\/06\/WhatsApp-Image-2025-02-26-at-08.48.11-1-768x1020.jpeg 768w, https:\/\/www.epmfr.ch\/wp-content\/uploads\/2026\/06\/WhatsApp-Image-2025-02-26-at-08.48.11-1-1157x1536.jpeg 1157w, https:\/\/www.epmfr.ch\/wp-content\/uploads\/2026\/06\/WhatsApp-Image-2025-02-26-at-08.48.11-1.jpeg 1536w\" sizes=\"auto, (max-width: 226px) 100vw, 226px\" \/> <img loading=\"lazy\" decoding=\"async\" class=\"alignnone size-medium wp-image-6016\" src=\"https:\/\/www.epmfr.ch\/wp-content\/uploads\/2026\/06\/WhatsApp-Image-2025-02-26-at-08.48.10-1-226x300.jpeg\" alt=\"\" width=\"226\" height=\"300\" srcset=\"https:\/\/www.epmfr.ch\/wp-content\/uploads\/2026\/06\/WhatsApp-Image-2025-02-26-at-08.48.10-1-226x300.jpeg 226w, https:\/\/www.epmfr.ch\/wp-content\/uploads\/2026\/06\/WhatsApp-Image-2025-02-26-at-08.48.10-1-771x1024.jpeg 771w, https:\/\/www.epmfr.ch\/wp-content\/uploads\/2026\/06\/WhatsApp-Image-2025-02-26-at-08.48.10-1-768x1020.jpeg 768w, https:\/\/www.epmfr.ch\/wp-content\/uploads\/2026\/06\/WhatsApp-Image-2025-02-26-at-08.48.10-1-1157x1536.jpeg 1157w, https:\/\/www.epmfr.ch\/wp-content\/uploads\/2026\/06\/WhatsApp-Image-2025-02-26-at-08.48.10-1.jpeg 1536w\" sizes=\"auto, (max-width: 226px) 100vw, 226px\" \/> <img loading=\"lazy\" decoding=\"async\" class=\"alignnone size-medium wp-image-6013\" src=\"https:\/\/www.epmfr.ch\/wp-content\/uploads\/2026\/06\/foret-225x300.jpg\" alt=\"\" width=\"225\" height=\"300\" srcset=\"https:\/\/www.epmfr.ch\/wp-content\/uploads\/2026\/06\/foret-225x300.jpg 225w, https:\/\/www.epmfr.ch\/wp-content\/uploads\/2026\/06\/foret-768x1024.jpg 768w, https:\/\/www.epmfr.ch\/wp-content\/uploads\/2026\/06\/foret-1152x1536.jpg 1152w, https:\/\/www.epmfr.ch\/wp-content\/uploads\/2026\/06\/foret.jpg 1536w\" sizes=\"auto, (max-width: 225px) 100vw, 225px\" \/> <img loading=\"lazy\" decoding=\"async\" class=\"alignnone size-medium wp-image-6010\" src=\"https:\/\/www.epmfr.ch\/wp-content\/uploads\/2026\/06\/foret-2-300x225.jpg\" alt=\"\" width=\"300\" height=\"225\" srcset=\"https:\/\/www.epmfr.ch\/wp-content\/uploads\/2026\/06\/foret-2-300x225.jpg 300w, https:\/\/www.epmfr.ch\/wp-content\/uploads\/2026\/06\/foret-2-1024x768.jpg 1024w, https:\/\/www.epmfr.ch\/wp-content\/uploads\/2026\/06\/foret-2-768x576.jpg 768w, https:\/\/www.epmfr.ch\/wp-content\/uploads\/2026\/06\/foret-2-1536x1152.jpg 1536w, https:\/\/www.epmfr.ch\/wp-content\/uploads\/2026\/06\/foret-2.jpg 2048w\" sizes=\"auto, (max-width: 300px) 100vw, 300px\" \/> <img loading=\"lazy\" decoding=\"async\" class=\"alignnone size-medium wp-image-6007\" src=\"https:\/\/www.epmfr.ch\/wp-content\/uploads\/2026\/06\/foret-3-300x225.jpg\" alt=\"\" width=\"300\" height=\"225\" srcset=\"https:\/\/www.epmfr.ch\/wp-content\/uploads\/2026\/06\/foret-3-300x225.jpg 300w, https:\/\/www.epmfr.ch\/wp-content\/uploads\/2026\/06\/foret-3-1024x768.jpg 1024w, https:\/\/www.epmfr.ch\/wp-content\/uploads\/2026\/06\/foret-3-768x576.jpg 768w, https:\/\/www.epmfr.ch\/wp-content\/uploads\/2026\/06\/foret-3-1536x1152.jpg 1536w, https:\/\/www.epmfr.ch\/wp-content\/uploads\/2026\/06\/foret-3.jpg 2048w\" sizes=\"auto, (max-width: 300px) 100vw, 300px\" \/> <img loading=\"lazy\" decoding=\"async\" class=\"alignnone size-medium wp-image-6004\" src=\"https:\/\/www.epmfr.ch\/wp-content\/uploads\/2026\/06\/foret-4-225x300.jpg\" alt=\"\" width=\"225\" height=\"300\" srcset=\"https:\/\/www.epmfr.ch\/wp-content\/uploads\/2026\/06\/foret-4-225x300.jpg 225w, https:\/\/www.epmfr.ch\/wp-content\/uploads\/2026\/06\/foret-4-768x1024.jpg 768w, https:\/\/www.epmfr.ch\/wp-content\/uploads\/2026\/06\/foret-4-1152x1536.jpg 1152w, https:\/\/www.epmfr.ch\/wp-content\/uploads\/2026\/06\/foret-4.jpg 1536w\" sizes=\"auto, (max-width: 225px) 100vw, 225px\" \/> <img loading=\"lazy\" decoding=\"async\" class=\"alignnone size-medium wp-image-6001\" src=\"https:\/\/www.epmfr.ch\/wp-content\/uploads\/2026\/06\/foret-5-225x300.jpg\" alt=\"\" width=\"225\" height=\"300\" srcset=\"https:\/\/www.epmfr.ch\/wp-content\/uploads\/2026\/06\/foret-5-225x300.jpg 225w, https:\/\/www.epmfr.ch\/wp-content\/uploads\/2026\/06\/foret-5-768x1024.jpg 768w, https:\/\/www.epmfr.ch\/wp-content\/uploads\/2026\/06\/foret-5-1152x1536.jpg 1152w, https:\/\/www.epmfr.ch\/wp-content\/uploads\/2026\/06\/foret-5.jpg 1536w\" sizes=\"auto, (max-width: 225px) 100vw, 225px\" \/> <img loading=\"lazy\" decoding=\"async\" class=\"alignnone size-medium wp-image-5998\" src=\"https:\/\/www.epmfr.ch\/wp-content\/uploads\/2026\/06\/foret-6-225x300.jpg\" alt=\"\" width=\"225\" height=\"300\" srcset=\"https:\/\/www.epmfr.ch\/wp-content\/uploads\/2026\/06\/foret-6-225x300.jpg 225w, https:\/\/www.epmfr.ch\/wp-content\/uploads\/2026\/06\/foret-6-768x1024.jpg 768w, https:\/\/www.epmfr.ch\/wp-content\/uploads\/2026\/06\/foret-6-1152x1536.jpg 1152w, https:\/\/www.epmfr.ch\/wp-content\/uploads\/2026\/06\/foret-6.jpg 1536w\" sizes=\"auto, (max-width: 225px) 100vw, 225px\" \/> <img loading=\"lazy\" decoding=\"async\" class=\"alignnone size-medium wp-image-5995\" src=\"https:\/\/www.epmfr.ch\/wp-content\/uploads\/2026\/06\/foret-7-268x300.jpg\" alt=\"\" width=\"268\" height=\"300\" srcset=\"https:\/\/www.epmfr.ch\/wp-content\/uploads\/2026\/06\/foret-7-268x300.jpg 268w, https:\/\/www.epmfr.ch\/wp-content\/uploads\/2026\/06\/foret-7-916x1024.jpg 916w, https:\/\/www.epmfr.ch\/wp-content\/uploads\/2026\/06\/foret-7-768x859.jpg 768w, https:\/\/www.epmfr.ch\/wp-content\/uploads\/2026\/06\/foret-7-1374x1536.jpg 1374w, https:\/\/www.epmfr.ch\/wp-content\/uploads\/2026\/06\/foret-7.jpg 1832w\" sizes=\"auto, (max-width: 268px) 100vw, 268px\" \/> <img loading=\"lazy\" decoding=\"async\" class=\"alignnone size-medium wp-image-5992\" src=\"https:\/\/www.epmfr.ch\/wp-content\/uploads\/2026\/06\/WhatsApp-Image-2026-04-24-at-16.08.03-6-300x225.jpeg\" alt=\"\" width=\"300\" height=\"225\" srcset=\"https:\/\/www.epmfr.ch\/wp-content\/uploads\/2026\/06\/WhatsApp-Image-2026-04-24-at-16.08.03-6-300x225.jpeg 300w, https:\/\/www.epmfr.ch\/wp-content\/uploads\/2026\/06\/WhatsApp-Image-2026-04-24-at-16.08.03-6-1024x768.jpeg 1024w, https:\/\/www.epmfr.ch\/wp-content\/uploads\/2026\/06\/WhatsApp-Image-2026-04-24-at-16.08.03-6-768x576.jpeg 768w, https:\/\/www.epmfr.ch\/wp-content\/uploads\/2026\/06\/WhatsApp-Image-2026-04-24-at-16.08.03-6-1536x1152.jpeg 1536w, https:\/\/www.epmfr.ch\/wp-content\/uploads\/2026\/06\/WhatsApp-Image-2026-04-24-at-16.08.03-6.jpeg 2048w\" sizes=\"auto, (max-width: 300px) 100vw, 300px\" \/><\/p>\n","protected":false},"excerpt":{"rendered":"<p>Les bienfaits de la for\u00eat comme salle de classe\u2026 &nbsp;<\/p>\n","protected":false},"author":2,"featured_media":6025,"comment_status":"open","ping_status":"open","sticky":false,"template":"","format":"standard","meta":{"_acf_changed":false,"footnotes":""},"categories":[3],"tags":[],"class_list":["post-4574","post","type-post","status-publish","format-standard","hentry","category-unkategorisiert"],"acf":[],"yoast_head":"<!-- This site is optimized with the Yoast SEO plugin v24.3 - https:\/\/yoast.com\/wordpress\/plugins\/seo\/ -->\n<title>Willkommen bei der Ecole Priv\u00e9e Mol\u00e9son in Freiburg | La for\u00eat comme salle de classe<\/title>\n<meta name=\"description\" content=\"Les bienfaits de la for\u00eat comme salle de classe, tous les vendredis matin pour les \u00e9l\u00e8ves de la 1H \u00e0 la 4H.\" \/>\n<meta name=\"robots\" content=\"index, follow, max-snippet:-1, max-image-preview:large, max-video-preview:-1\" \/>\n<link rel=\"canonical\" href=\"https:\/\/www.epmfr.ch\/de\/poste-a-pourvoir\/\" \/>\n<meta property=\"og:locale\" content=\"de_DE\" \/>\n<meta property=\"og:type\" content=\"article\" \/>\n<meta property=\"og:title\" content=\"Willkommen bei der Ecole Priv\u00e9e Mol\u00e9son in Freiburg | La for\u00eat comme salle de classe\" \/>\n<meta property=\"og:description\" content=\"Les bienfaits de la for\u00eat comme salle de classe, tous les vendredis matin pour les \u00e9l\u00e8ves de la 1H \u00e0 la 4H.\" \/>\n<meta property=\"og:url\" content=\"https:\/\/www.epmfr.ch\/de\/poste-a-pourvoir\/\" \/>\n<meta property=\"og:site_name\" content=\"Willkommen bei der Ecole Priv\u00e9e Mol\u00e9son in Freiburg\" \/>\n<meta property=\"article:published_time\" content=\"2023-12-01T09:18:20+00:00\" \/>\n<meta property=\"article:modified_time\" content=\"2026-06-10T06:54:08+00:00\" \/>\n<meta property=\"og:image\" content=\"https:\/\/www.epmfr.ch\/wp-content\/uploads\/2026\/06\/WhatsApp-Image-2026-04-24-at-16.08.03-2.jpeg\" \/>\n\t<meta property=\"og:image:width\" content=\"1600\" \/>\n\t<meta property=\"og:image:height\" content=\"1204\" \/>\n\t<meta property=\"og:image:type\" content=\"image\/jpeg\" \/>\n<meta name=\"author\" content=\"admin_epm\" \/>\n<meta name=\"twitter:card\" content=\"summary_large_image\" \/>\n<meta name=\"twitter:label1\" content=\"Verfasst von\" \/>\n\t<meta name=\"twitter:data1\" content=\"admin_epm\" \/>\n\t<meta name=\"twitter:label2\" content=\"Gesch\u00e4tzte Lesezeit\" \/>\n\t<meta name=\"twitter:data2\" content=\"4\u00a0Minuten\" \/>\n<script type=\"application\/ld+json\" class=\"yoast-schema-graph\">{\"@context\":\"https:\/\/schema.org\",\"@graph\":[{\"@type\":\"WebPage\",\"@id\":\"https:\/\/www.epmfr.ch\/de\/poste-a-pourvoir\/\",\"url\":\"https:\/\/www.epmfr.ch\/de\/poste-a-pourvoir\/\",\"name\":\"Willkommen bei der Ecole Priv\u00e9e Mol\u00e9son in Freiburg | La for\u00eat comme salle de classe\",\"isPartOf\":{\"@id\":\"https:\/\/www.epmfr.ch\/#website\"},\"primaryImageOfPage\":{\"@id\":\"https:\/\/www.epmfr.ch\/de\/poste-a-pourvoir\/#primaryimage\"},\"image\":{\"@id\":\"https:\/\/www.epmfr.ch\/de\/poste-a-pourvoir\/#primaryimage\"},\"thumbnailUrl\":\"https:\/\/www.epmfr.ch\/wp-content\/uploads\/2026\/06\/WhatsApp-Image-2026-04-24-at-16.08.03-2.jpeg\",\"datePublished\":\"2023-12-01T09:18:20+00:00\",\"dateModified\":\"2026-06-10T06:54:08+00:00\",\"author\":{\"@id\":\"https:\/\/www.epmfr.ch\/#\/schema\/person\/fc298a95f6d1d4cb6a0e3983998cceb3\"},\"description\":\"Les bienfaits de la for\u00eat comme salle de classe, tous les vendredis matin pour les \u00e9l\u00e8ves de la 1H \u00e0 la 4H.\",\"breadcrumb\":{\"@id\":\"https:\/\/www.epmfr.ch\/de\/poste-a-pourvoir\/#breadcrumb\"},\"inLanguage\":\"de\",\"potentialAction\":[{\"@type\":\"ReadAction\",\"target\":[\"https:\/\/www.epmfr.ch\/de\/poste-a-pourvoir\/\"]}]},{\"@type\":\"ImageObject\",\"inLanguage\":\"de\",\"@id\":\"https:\/\/www.epmfr.ch\/de\/poste-a-pourvoir\/#primaryimage\",\"url\":\"https:\/\/www.epmfr.ch\/wp-content\/uploads\/2026\/06\/WhatsApp-Image-2026-04-24-at-16.08.03-2.jpeg\",\"contentUrl\":\"https:\/\/www.epmfr.ch\/wp-content\/uploads\/2026\/06\/WhatsApp-Image-2026-04-24-at-16.08.03-2.jpeg\",\"width\":1600,\"height\":1204},{\"@type\":\"BreadcrumbList\",\"@id\":\"https:\/\/www.epmfr.ch\/de\/poste-a-pourvoir\/#breadcrumb\",\"itemListElement\":[{\"@type\":\"ListItem\",\"position\":1,\"name\":\"Accueil\",\"item\":\"https:\/\/www.epmfr.ch\/de\/\"},{\"@type\":\"ListItem\",\"position\":2,\"name\":\"La for\u00eat comme salle de classe\"}]},{\"@type\":\"WebSite\",\"@id\":\"https:\/\/www.epmfr.ch\/#website\",\"url\":\"https:\/\/www.epmfr.ch\/\",\"name\":\"Willkommen bei der Ecole Priv\u00e9e Mol\u00e9son in Freiburg\",\"description\":\"\",\"potentialAction\":[{\"@type\":\"SearchAction\",\"target\":{\"@type\":\"EntryPoint\",\"urlTemplate\":\"https:\/\/www.epmfr.ch\/?s={search_term_string}\"},\"query-input\":{\"@type\":\"PropertyValueSpecification\",\"valueRequired\":true,\"valueName\":\"search_term_string\"}}],\"inLanguage\":\"de\"},{\"@type\":\"Person\",\"@id\":\"https:\/\/www.epmfr.ch\/#\/schema\/person\/fc298a95f6d1d4cb6a0e3983998cceb3\",\"name\":\"admin_epm\",\"image\":{\"@type\":\"ImageObject\",\"inLanguage\":\"de\",\"@id\":\"https:\/\/www.epmfr.ch\/#\/schema\/person\/image\/\",\"url\":\"https:\/\/secure.gravatar.com\/avatar\/1a2b1dffffe7942ea84aed8a80991c691ab68028889a6f8bea8a626e3c9e4bbf?s=96&d=mm&r=g\",\"contentUrl\":\"https:\/\/secure.gravatar.com\/avatar\/1a2b1dffffe7942ea84aed8a80991c691ab68028889a6f8bea8a626e3c9e4bbf?s=96&d=mm&r=g\",\"caption\":\"admin_epm\"},\"url\":\"https:\/\/www.epmfr.ch\/de\/author\/admin_epm\/\"}]}<\/script>\n<!-- \/ Yoast SEO plugin. -->","yoast_head_json":{"title":"Willkommen bei der Ecole Priv\u00e9e Mol\u00e9son in Freiburg | La for\u00eat comme salle de classe","description":"Les bienfaits de la for\u00eat comme salle de classe, tous les vendredis matin pour les \u00e9l\u00e8ves de la 1H \u00e0 la 4H.","robots":{"index":"index","follow":"follow","max-snippet":"max-snippet:-1","max-image-preview":"max-image-preview:large","max-video-preview":"max-video-preview:-1"},"canonical":"https:\/\/www.epmfr.ch\/de\/poste-a-pourvoir\/","og_locale":"de_DE","og_type":"article","og_title":"Willkommen bei der Ecole Priv\u00e9e Mol\u00e9son in Freiburg | La for\u00eat comme salle de classe","og_description":"Les bienfaits de la for\u00eat comme salle de classe, tous les vendredis matin pour les \u00e9l\u00e8ves de la 1H \u00e0 la 4H.","og_url":"https:\/\/www.epmfr.ch\/de\/poste-a-pourvoir\/","og_site_name":"Willkommen bei der Ecole Priv\u00e9e Mol\u00e9son in Freiburg","article_published_time":"2023-12-01T09:18:20+00:00","article_modified_time":"2026-06-10T06:54:08+00:00","og_image":[{"width":1600,"height":1204,"url":"https:\/\/www.epmfr.ch\/wp-content\/uploads\/2026\/06\/WhatsApp-Image-2026-04-24-at-16.08.03-2.jpeg","type":"image\/jpeg"}],"author":"admin_epm","twitter_card":"summary_large_image","twitter_misc":{"Verfasst von":"admin_epm","Gesch\u00e4tzte Lesezeit":"4\u00a0Minuten"},"schema":{"@context":"https:\/\/schema.org","@graph":[{"@type":"WebPage","@id":"https:\/\/www.epmfr.ch\/de\/poste-a-pourvoir\/","url":"https:\/\/www.epmfr.ch\/de\/poste-a-pourvoir\/","name":"Willkommen bei der Ecole Priv\u00e9e Mol\u00e9son in Freiburg | La for\u00eat comme salle de classe","isPartOf":{"@id":"https:\/\/www.epmfr.ch\/#website"},"primaryImageOfPage":{"@id":"https:\/\/www.epmfr.ch\/de\/poste-a-pourvoir\/#primaryimage"},"image":{"@id":"https:\/\/www.epmfr.ch\/de\/poste-a-pourvoir\/#primaryimage"},"thumbnailUrl":"https:\/\/www.epmfr.ch\/wp-content\/uploads\/2026\/06\/WhatsApp-Image-2026-04-24-at-16.08.03-2.jpeg","datePublished":"2023-12-01T09:18:20+00:00","dateModified":"2026-06-10T06:54:08+00:00","author":{"@id":"https:\/\/www.epmfr.ch\/#\/schema\/person\/fc298a95f6d1d4cb6a0e3983998cceb3"},"description":"Les bienfaits de la for\u00eat comme salle de classe, tous les vendredis matin pour les \u00e9l\u00e8ves de la 1H \u00e0 la 4H.","breadcrumb":{"@id":"https:\/\/www.epmfr.ch\/de\/poste-a-pourvoir\/#breadcrumb"},"inLanguage":"de","potentialAction":[{"@type":"ReadAction","target":["https:\/\/www.epmfr.ch\/de\/poste-a-pourvoir\/"]}]},{"@type":"ImageObject","inLanguage":"de","@id":"https:\/\/www.epmfr.ch\/de\/poste-a-pourvoir\/#primaryimage","url":"https:\/\/www.epmfr.ch\/wp-content\/uploads\/2026\/06\/WhatsApp-Image-2026-04-24-at-16.08.03-2.jpeg","contentUrl":"https:\/\/www.epmfr.ch\/wp-content\/uploads\/2026\/06\/WhatsApp-Image-2026-04-24-at-16.08.03-2.jpeg","width":1600,"height":1204},{"@type":"BreadcrumbList","@id":"https:\/\/www.epmfr.ch\/de\/poste-a-pourvoir\/#breadcrumb","itemListElement":[{"@type":"ListItem","position":1,"name":"Accueil","item":"https:\/\/www.epmfr.ch\/de\/"},{"@type":"ListItem","position":2,"name":"La for\u00eat comme salle de classe"}]},{"@type":"WebSite","@id":"https:\/\/www.epmfr.ch\/#website","url":"https:\/\/www.epmfr.ch\/","name":"Willkommen bei der Ecole Priv\u00e9e Mol\u00e9son in Freiburg","description":"","potentialAction":[{"@type":"SearchAction","target":{"@type":"EntryPoint","urlTemplate":"https:\/\/www.epmfr.ch\/?s={search_term_string}"},"query-input":{"@type":"PropertyValueSpecification","valueRequired":true,"valueName":"search_term_string"}}],"inLanguage":"de"},{"@type":"Person","@id":"https:\/\/www.epmfr.ch\/#\/schema\/person\/fc298a95f6d1d4cb6a0e3983998cceb3","name":"admin_epm","image":{"@type":"ImageObject","inLanguage":"de","@id":"https:\/\/www.epmfr.ch\/#\/schema\/person\/image\/","url":"https:\/\/secure.gravatar.com\/avatar\/1a2b1dffffe7942ea84aed8a80991c691ab68028889a6f8bea8a626e3c9e4bbf?s=96&d=mm&r=g","contentUrl":"https:\/\/secure.gravatar.com\/avatar\/1a2b1dffffe7942ea84aed8a80991c691ab68028889a6f8bea8a626e3c9e4bbf?s=96&d=mm&r=g","caption":"admin_epm"},"url":"https:\/\/www.epmfr.ch\/de\/author\/admin_epm\/"}]}},"_links":{"self":[{"href":"https:\/\/www.epmfr.ch\/de\/wp-json\/wp\/v2\/posts\/4574","targetHints":{"allow":["GET"]}}],"collection":[{"href":"https:\/\/www.epmfr.ch\/de\/wp-json\/wp\/v2\/posts"}],"about":[{"href":"https:\/\/www.epmfr.ch\/de\/wp-json\/wp\/v2\/types\/post"}],"author":[{"embeddable":true,"href":"https:\/\/www.epmfr.ch\/de\/wp-json\/wp\/v2\/users\/2"}],"replies":[{"embeddable":true,"href":"https:\/\/www.epmfr.ch\/de\/wp-json\/wp\/v2\/comments?post=4574"}],"version-history":[{"count":9,"href":"https:\/\/www.epmfr.ch\/de\/wp-json\/wp\/v2\/posts\/4574\/revisions"}],"predecessor-version":[{"id":6038,"href":"https:\/\/www.epmfr.ch\/de\/wp-json\/wp\/v2\/posts\/4574\/revisions\/6038"}],"wp:featuredmedia":[{"embeddable":true,"href":"https:\/\/www.epmfr.ch\/de\/wp-json\/wp\/v2\/media\/6025"}],"wp:attachment":[{"href":"https:\/\/www.epmfr.ch\/de\/wp-json\/wp\/v2\/media?parent=4574"}],"wp:term":[{"taxonomy":"category","embeddable":true,"href":"https:\/\/www.epmfr.ch\/de\/wp-json\/wp\/v2\/categories?post=4574"},{"taxonomy":"post_tag","embeddable":true,"href":"https:\/\/www.epmfr.ch\/de\/wp-json\/wp\/v2\/tags?post=4574"}],"curies":[{"name":"wp","href":"https:\/\/api.w.org\/{rel}","templated":true}]}}