{"id":4420,"date":"2023-09-10T16:00:32","date_gmt":"2023-09-10T14:00:32","guid":{"rendered":"https:\/\/www.epmfr.ch\/developpement-et-renforcement-du-projet-clil\/"},"modified":"2026-05-18T14:54:51","modified_gmt":"2026-05-18T12:54:51","slug":"clubsepm","status":"publish","type":"post","link":"https:\/\/www.epmfr.ch\/de\/clubsepm\/","title":{"rendered":"Clubs EPM"},"content":{"rendered":"<p>K\u00fcnstlerische, spielerische und sportliche Aktivit\u00e4ten, jeden Abend (ausser mittwochs) von 15:30 bis 16:45 Uhr<\/p>\n<p><!--more--><\/p>\n<p>K\u00fcnstlerische, spielerische und sportliche Aktivit\u00e4ten, jeden Abend (ausser mittwochs) von 15:30 bis 16:45 Uhr, f\u00fcr Kinder im Alter von 4 bis 12 Jahren<\/p>\n<p>Informationen und Anmeldung: <a href=\"mailto:secretariat@epmfr.ch\">secretariat@epmfr.ch<\/a><\/p>\n<p>&nbsp;<\/p>\n<table width=\"973\">\n<tbody>\n<tr>\n<td colspan=\"7\" width=\"973\"><strong>Du lundi 7 septembre 2026 au vendredi 29 janvier 2027<\/strong><\/td>\n<\/tr>\n<tr>\n<td width=\"75\">Jour<\/td>\n<td width=\"76\"><strong>Horaire<\/strong><\/td>\n<td width=\"76\"><strong>Classe<\/strong><\/td>\n<td width=\"113\"><strong>Club<\/strong><\/td>\n<td width=\"472\"><strong>D\u00e9tail<\/strong><\/td>\n<td width=\"75\"><strong>Langue<\/strong><\/td>\n<td width=\"86\"><strong>Tarif semestre<\/strong><\/td>\n<\/tr>\n<tr>\n<td width=\"75\"><strong>Lundi<\/strong><\/td>\n<td width=\"76\">15h30 -16h45<\/td>\n<td width=\"76\"><strong>3H \u00e0 8H<\/strong><\/td>\n<td width=\"113\"><strong>Natation<\/strong><strong>\u00a0<\/strong><\/p>\n<p>Comme un poisson dans l\u2019eau<\/td>\n<td width=\"472\">Se familiariser avec le milieu aquatique, apprendre ou am\u00e9liorer diff\u00e9rents styles de nage, gagner en confiance gr\u00e2ce \u00e0 des jeux, ce club de natation qui combine apprentissage et jeux permettra aussi aux enfants de lib\u00e9rer leur \u00e9nergie\u00a0!<\/td>\n<td width=\"75\">FR<\/td>\n<td width=\"86\">300.-<\/td>\n<\/tr>\n<tr>\n<td width=\"75\"><strong>Mardi<\/strong><\/td>\n<td width=\"76\">15h30 -16h45<\/td>\n<td width=\"76\"><strong>1H \u00e0 4H<\/strong><\/td>\n<td width=\"113\"><strong>Bricolage\u00a0<\/strong><\/p>\n<p>Cr\u00e9ations ing\u00e9nieuses<\/p>\n<p><strong>\u00a0<\/strong><\/td>\n<td width=\"472\">Ce club bricolage r\u00e9serv\u00e9 aux enfants de 4 \u00e0 7 ans leur permet de d\u00e9velopper imagination, coordination et concentration au travers d\u2019activit\u00e9s de bricolage guid\u00e9es.<\/td>\n<td width=\"75\">FR<\/td>\n<td width=\"86\">270.-<\/td>\n<\/tr>\n<tr>\n<td width=\"75\"><strong>Jeudi<\/strong><\/td>\n<td width=\"76\">15h30 -16h45<\/td>\n<td width=\"76\"><strong>5H \u00e0 8H<\/strong><\/td>\n<td width=\"113\"><strong>Atelier cr\u00e9atif\u00a0et ludique<\/strong><\/p>\n<p><strong>\u00a0<\/strong>Cr\u00e9e ton propre personnage<\/td>\n<td width=\"472\">Les enfants pourront, \u00e0 l&#8217;aide de diff\u00e9rents mat\u00e9riaux tels que l&#8217;argile, le pl\u00e2tre, le collage, la peinture, les encres, cr\u00e9er leur propre personnage imaginaire, ainsi que son univers. Ils auront ensuite la possibilit\u00e9 de le mettre en sc\u00e8ne, avec son ambiance musicale. Cette exp\u00e9rience leur permettra d&#8217;exp\u00e9rimenter diff\u00e9rentes \u00e9motions et de renforcer leur confiance.<\/td>\n<td width=\"75\">FR<\/td>\n<td width=\"86\">270.-<\/td>\n<\/tr>\n<tr>\n<td width=\"75\"><strong>Jeudi<\/strong><\/td>\n<td width=\"76\">15h30 -16h45<\/td>\n<td width=\"76\"><strong>1H \u00e0 8H<\/strong><\/td>\n<td width=\"113\"><strong>Club de sport et jeux\u00a0<\/strong><\/p>\n<p>Time to move\u00a0!<\/td>\n<td width=\"472\">M\u00e9lange dynamique d\u2019activit\u00e9s sportives, de jeux collectifs et de d\u00e9fis ludiques adapt\u00e9s \u00e0 chaque tranche d\u2019\u00e2ge. Dans une ambiance conviviale et encadr\u00e9e, les enfants d\u00e9veloppent leur motricit\u00e9, leur esprit d\u2019\u00e9quipe et leur confiance en soi\u00a0tout en s\u2019amusant. Un moment id\u00e9al pour d\u00e9penser son \u00e9nergie apr\u00e8s l\u2019\u00e9cole tout en cr\u00e9ant des liens<strong>.<\/strong><\/td>\n<td width=\"75\">FR<\/td>\n<td width=\"86\">270.-<\/td>\n<\/tr>\n<tr>\n<td width=\"75\"><strong>Vendredi<\/strong><\/td>\n<td width=\"76\">15h30 -16h45<\/td>\n<td width=\"76\"><strong>1H \u00e0 4H<\/strong><\/td>\n<td width=\"113\"><strong>Club de jeux\u00a0<\/strong><\/p>\n<p>Aventures en mouvement<\/td>\n<td width=\"472\">Les enfants vivront\u00a0des aventures en bougeant, a\u0300 travers des histoires, des jeux, et des explorations de l&#8217;espace, ou\u0300\u00a0le mouvement corporel\u00a0est\u00a0un outil pour vivre l\u2019histoire.<br \/>\nL&#8217;objectif est de d\u00e9velopper leur coordination, leur cr\u00e9ativit\u00e9\u0301 et leur conscience corporelle de mani\u00e8re totalement ludique et en stimulant la cr\u00e9ativit\u00e9 et l\u2019imagination par le mouvement.<\/td>\n<td width=\"75\">FR<\/td>\n<td width=\"86\">270.-<\/td>\n<\/tr>\n<\/tbody>\n<\/table>\n","protected":false},"excerpt":{"rendered":"<p>K\u00fcnstlerische, spielerische und sportliche Aktivit\u00e4ten, jeden Abend (ausser mittwochs) von 15:30 bis 16:45 Uhr<\/p>\n","protected":false},"author":2,"featured_media":5984,"comment_status":"open","ping_status":"open","sticky":false,"template":"","format":"standard","meta":{"_acf_changed":false,"footnotes":""},"categories":[3],"tags":[],"class_list":["post-4420","post","type-post","status-publish","format-standard","hentry","category-unkategorisiert"],"acf":[],"yoast_head":"<!-- This site is optimized with the Yoast SEO plugin v24.3 - https:\/\/yoast.com\/wordpress\/plugins\/seo\/ -->\n<title>Willkommen bei der Ecole Priv\u00e9e Mol\u00e9son in Freiburg | Clubs EPM<\/title>\n<meta name=\"description\" content=\"K\u00fcnstlerische, spielerische und sportliche Aktivit\u00e4ten, jeden Abend (ausser mittwochs) von 15:30 bis 16:45 Uhr, f\u00fcr Kinder (von 4 bis 12 Jahren)\" \/>\n<meta name=\"robots\" content=\"index, follow, max-snippet:-1, max-image-preview:large, max-video-preview:-1\" \/>\n<link rel=\"canonical\" href=\"https:\/\/www.epmfr.ch\/de\/clubsepm\/\" \/>\n<meta property=\"og:locale\" content=\"de_DE\" \/>\n<meta property=\"og:type\" content=\"article\" \/>\n<meta property=\"og:title\" content=\"Willkommen bei der Ecole Priv\u00e9e Mol\u00e9son in Freiburg | Clubs EPM\" \/>\n<meta property=\"og:description\" content=\"K\u00fcnstlerische, spielerische und sportliche Aktivit\u00e4ten, jeden Abend (ausser mittwochs) von 15:30 bis 16:45 Uhr, f\u00fcr Kinder (von 4 bis 12 Jahren)\" \/>\n<meta property=\"og:url\" content=\"https:\/\/www.epmfr.ch\/de\/clubsepm\/\" \/>\n<meta property=\"og:site_name\" content=\"Willkommen bei der Ecole Priv\u00e9e Mol\u00e9son in Freiburg\" \/>\n<meta property=\"article:published_time\" content=\"2023-09-10T14:00:32+00:00\" \/>\n<meta property=\"article:modified_time\" content=\"2026-05-18T12:54:51+00:00\" \/>\n<meta property=\"og:image\" content=\"https:\/\/www.epmfr.ch\/wp-content\/uploads\/2026\/05\/Pub-scaled.jpg\" \/>\n\t<meta property=\"og:image:width\" content=\"2560\" \/>\n\t<meta property=\"og:image:height\" content=\"1456\" \/>\n\t<meta property=\"og:image:type\" content=\"image\/jpeg\" \/>\n<meta name=\"author\" content=\"admin_epm\" \/>\n<meta name=\"twitter:card\" content=\"summary_large_image\" \/>\n<meta name=\"twitter:label1\" content=\"Verfasst von\" \/>\n\t<meta name=\"twitter:data1\" content=\"admin_epm\" \/>\n\t<meta name=\"twitter:label2\" content=\"Gesch\u00e4tzte Lesezeit\" \/>\n\t<meta name=\"twitter:data2\" content=\"3\u00a0Minuten\" \/>\n<script type=\"application\/ld+json\" class=\"yoast-schema-graph\">{\"@context\":\"https:\/\/schema.org\",\"@graph\":[{\"@type\":\"WebPage\",\"@id\":\"https:\/\/www.epmfr.ch\/de\/clubsepm\/\",\"url\":\"https:\/\/www.epmfr.ch\/de\/clubsepm\/\",\"name\":\"Willkommen bei der Ecole Priv\u00e9e Mol\u00e9son in Freiburg | Clubs EPM\",\"isPartOf\":{\"@id\":\"https:\/\/www.epmfr.ch\/#website\"},\"primaryImageOfPage\":{\"@id\":\"https:\/\/www.epmfr.ch\/de\/clubsepm\/#primaryimage\"},\"image\":{\"@id\":\"https:\/\/www.epmfr.ch\/de\/clubsepm\/#primaryimage\"},\"thumbnailUrl\":\"https:\/\/www.epmfr.ch\/wp-content\/uploads\/2026\/05\/Pub-scaled.jpg\",\"datePublished\":\"2023-09-10T14:00:32+00:00\",\"dateModified\":\"2026-05-18T12:54:51+00:00\",\"author\":{\"@id\":\"https:\/\/www.epmfr.ch\/#\/schema\/person\/fc298a95f6d1d4cb6a0e3983998cceb3\"},\"description\":\"K\u00fcnstlerische, spielerische und sportliche Aktivit\u00e4ten, jeden Abend (ausser mittwochs) von 15:30 bis 16:45 Uhr, f\u00fcr Kinder (von 4 bis 12 Jahren)\",\"breadcrumb\":{\"@id\":\"https:\/\/www.epmfr.ch\/de\/clubsepm\/#breadcrumb\"},\"inLanguage\":\"de\",\"potentialAction\":[{\"@type\":\"ReadAction\",\"target\":[\"https:\/\/www.epmfr.ch\/de\/clubsepm\/\"]}]},{\"@type\":\"ImageObject\",\"inLanguage\":\"de\",\"@id\":\"https:\/\/www.epmfr.ch\/de\/clubsepm\/#primaryimage\",\"url\":\"https:\/\/www.epmfr.ch\/wp-content\/uploads\/2026\/05\/Pub-scaled.jpg\",\"contentUrl\":\"https:\/\/www.epmfr.ch\/wp-content\/uploads\/2026\/05\/Pub-scaled.jpg\",\"width\":2560,\"height\":1456},{\"@type\":\"BreadcrumbList\",\"@id\":\"https:\/\/www.epmfr.ch\/de\/clubsepm\/#breadcrumb\",\"itemListElement\":[{\"@type\":\"ListItem\",\"position\":1,\"name\":\"Accueil\",\"item\":\"https:\/\/www.epmfr.ch\/de\/\"},{\"@type\":\"ListItem\",\"position\":2,\"name\":\"Clubs EPM\"}]},{\"@type\":\"WebSite\",\"@id\":\"https:\/\/www.epmfr.ch\/#website\",\"url\":\"https:\/\/www.epmfr.ch\/\",\"name\":\"Willkommen bei der Ecole Priv\u00e9e Mol\u00e9son in Freiburg\",\"description\":\"\",\"potentialAction\":[{\"@type\":\"SearchAction\",\"target\":{\"@type\":\"EntryPoint\",\"urlTemplate\":\"https:\/\/www.epmfr.ch\/?s={search_term_string}\"},\"query-input\":{\"@type\":\"PropertyValueSpecification\",\"valueRequired\":true,\"valueName\":\"search_term_string\"}}],\"inLanguage\":\"de\"},{\"@type\":\"Person\",\"@id\":\"https:\/\/www.epmfr.ch\/#\/schema\/person\/fc298a95f6d1d4cb6a0e3983998cceb3\",\"name\":\"admin_epm\",\"image\":{\"@type\":\"ImageObject\",\"inLanguage\":\"de\",\"@id\":\"https:\/\/www.epmfr.ch\/#\/schema\/person\/image\/\",\"url\":\"https:\/\/secure.gravatar.com\/avatar\/1a2b1dffffe7942ea84aed8a80991c691ab68028889a6f8bea8a626e3c9e4bbf?s=96&d=mm&r=g\",\"contentUrl\":\"https:\/\/secure.gravatar.com\/avatar\/1a2b1dffffe7942ea84aed8a80991c691ab68028889a6f8bea8a626e3c9e4bbf?s=96&d=mm&r=g\",\"caption\":\"admin_epm\"},\"url\":\"https:\/\/www.epmfr.ch\/de\/author\/admin_epm\/\"}]}<\/script>\n<!-- \/ Yoast SEO plugin. -->","yoast_head_json":{"title":"Willkommen bei der Ecole Priv\u00e9e Mol\u00e9son in Freiburg | Clubs EPM","description":"K\u00fcnstlerische, spielerische und sportliche Aktivit\u00e4ten, jeden Abend (ausser mittwochs) von 15:30 bis 16:45 Uhr, f\u00fcr Kinder (von 4 bis 12 Jahren)","robots":{"index":"index","follow":"follow","max-snippet":"max-snippet:-1","max-image-preview":"max-image-preview:large","max-video-preview":"max-video-preview:-1"},"canonical":"https:\/\/www.epmfr.ch\/de\/clubsepm\/","og_locale":"de_DE","og_type":"article","og_title":"Willkommen bei der Ecole Priv\u00e9e Mol\u00e9son in Freiburg | Clubs EPM","og_description":"K\u00fcnstlerische, spielerische und sportliche Aktivit\u00e4ten, jeden Abend (ausser mittwochs) von 15:30 bis 16:45 Uhr, f\u00fcr Kinder (von 4 bis 12 Jahren)","og_url":"https:\/\/www.epmfr.ch\/de\/clubsepm\/","og_site_name":"Willkommen bei der Ecole Priv\u00e9e Mol\u00e9son in Freiburg","article_published_time":"2023-09-10T14:00:32+00:00","article_modified_time":"2026-05-18T12:54:51+00:00","og_image":[{"width":2560,"height":1456,"url":"https:\/\/www.epmfr.ch\/wp-content\/uploads\/2026\/05\/Pub-scaled.jpg","type":"image\/jpeg"}],"author":"admin_epm","twitter_card":"summary_large_image","twitter_misc":{"Verfasst von":"admin_epm","Gesch\u00e4tzte Lesezeit":"3\u00a0Minuten"},"schema":{"@context":"https:\/\/schema.org","@graph":[{"@type":"WebPage","@id":"https:\/\/www.epmfr.ch\/de\/clubsepm\/","url":"https:\/\/www.epmfr.ch\/de\/clubsepm\/","name":"Willkommen bei der Ecole Priv\u00e9e Mol\u00e9son in Freiburg | Clubs EPM","isPartOf":{"@id":"https:\/\/www.epmfr.ch\/#website"},"primaryImageOfPage":{"@id":"https:\/\/www.epmfr.ch\/de\/clubsepm\/#primaryimage"},"image":{"@id":"https:\/\/www.epmfr.ch\/de\/clubsepm\/#primaryimage"},"thumbnailUrl":"https:\/\/www.epmfr.ch\/wp-content\/uploads\/2026\/05\/Pub-scaled.jpg","datePublished":"2023-09-10T14:00:32+00:00","dateModified":"2026-05-18T12:54:51+00:00","author":{"@id":"https:\/\/www.epmfr.ch\/#\/schema\/person\/fc298a95f6d1d4cb6a0e3983998cceb3"},"description":"K\u00fcnstlerische, spielerische und sportliche Aktivit\u00e4ten, jeden Abend (ausser mittwochs) von 15:30 bis 16:45 Uhr, f\u00fcr Kinder (von 4 bis 12 Jahren)","breadcrumb":{"@id":"https:\/\/www.epmfr.ch\/de\/clubsepm\/#breadcrumb"},"inLanguage":"de","potentialAction":[{"@type":"ReadAction","target":["https:\/\/www.epmfr.ch\/de\/clubsepm\/"]}]},{"@type":"ImageObject","inLanguage":"de","@id":"https:\/\/www.epmfr.ch\/de\/clubsepm\/#primaryimage","url":"https:\/\/www.epmfr.ch\/wp-content\/uploads\/2026\/05\/Pub-scaled.jpg","contentUrl":"https:\/\/www.epmfr.ch\/wp-content\/uploads\/2026\/05\/Pub-scaled.jpg","width":2560,"height":1456},{"@type":"BreadcrumbList","@id":"https:\/\/www.epmfr.ch\/de\/clubsepm\/#breadcrumb","itemListElement":[{"@type":"ListItem","position":1,"name":"Accueil","item":"https:\/\/www.epmfr.ch\/de\/"},{"@type":"ListItem","position":2,"name":"Clubs EPM"}]},{"@type":"WebSite","@id":"https:\/\/www.epmfr.ch\/#website","url":"https:\/\/www.epmfr.ch\/","name":"Willkommen bei der Ecole Priv\u00e9e Mol\u00e9son in Freiburg","description":"","potentialAction":[{"@type":"SearchAction","target":{"@type":"EntryPoint","urlTemplate":"https:\/\/www.epmfr.ch\/?s={search_term_string}"},"query-input":{"@type":"PropertyValueSpecification","valueRequired":true,"valueName":"search_term_string"}}],"inLanguage":"de"},{"@type":"Person","@id":"https:\/\/www.epmfr.ch\/#\/schema\/person\/fc298a95f6d1d4cb6a0e3983998cceb3","name":"admin_epm","image":{"@type":"ImageObject","inLanguage":"de","@id":"https:\/\/www.epmfr.ch\/#\/schema\/person\/image\/","url":"https:\/\/secure.gravatar.com\/avatar\/1a2b1dffffe7942ea84aed8a80991c691ab68028889a6f8bea8a626e3c9e4bbf?s=96&d=mm&r=g","contentUrl":"https:\/\/secure.gravatar.com\/avatar\/1a2b1dffffe7942ea84aed8a80991c691ab68028889a6f8bea8a626e3c9e4bbf?s=96&d=mm&r=g","caption":"admin_epm"},"url":"https:\/\/www.epmfr.ch\/de\/author\/admin_epm\/"}]}},"_links":{"self":[{"href":"https:\/\/www.epmfr.ch\/de\/wp-json\/wp\/v2\/posts\/4420","targetHints":{"allow":["GET"]}}],"collection":[{"href":"https:\/\/www.epmfr.ch\/de\/wp-json\/wp\/v2\/posts"}],"about":[{"href":"https:\/\/www.epmfr.ch\/de\/wp-json\/wp\/v2\/types\/post"}],"author":[{"embeddable":true,"href":"https:\/\/www.epmfr.ch\/de\/wp-json\/wp\/v2\/users\/2"}],"replies":[{"embeddable":true,"href":"https:\/\/www.epmfr.ch\/de\/wp-json\/wp\/v2\/comments?post=4420"}],"version-history":[{"count":15,"href":"https:\/\/www.epmfr.ch\/de\/wp-json\/wp\/v2\/posts\/4420\/revisions"}],"predecessor-version":[{"id":5988,"href":"https:\/\/www.epmfr.ch\/de\/wp-json\/wp\/v2\/posts\/4420\/revisions\/5988"}],"wp:featuredmedia":[{"embeddable":true,"href":"https:\/\/www.epmfr.ch\/de\/wp-json\/wp\/v2\/media\/5984"}],"wp:attachment":[{"href":"https:\/\/www.epmfr.ch\/de\/wp-json\/wp\/v2\/media?parent=4420"}],"wp:term":[{"taxonomy":"category","embeddable":true,"href":"https:\/\/www.epmfr.ch\/de\/wp-json\/wp\/v2\/categories?post=4420"},{"taxonomy":"post_tag","embeddable":true,"href":"https:\/\/www.epmfr.ch\/de\/wp-json\/wp\/v2\/tags?post=4420"}],"curies":[{"name":"wp","href":"https:\/\/api.w.org\/{rel}","templated":true}]}}