{"id":4396,"date":"2023-09-10T16:00:54","date_gmt":"2023-09-10T14:00:54","guid":{"rendered":"https:\/\/www.epmfr.ch\/participation-de-lecole-au-mini-morat-fribourg\/"},"modified":"2026-04-10T10:09:29","modified_gmt":"2026-04-10T08:09:29","slug":"preparation-co","status":"publish","type":"post","link":"https:\/\/www.epmfr.ch\/de\/preparation-co\/","title":{"rendered":"Atelier &#8222;Je me pr\u00e9pare au CO&#8220;"},"content":{"rendered":"<p><strong>Du 19 au 21 ao\u00fbt 2026, de 8h30 \u00e0 11h45<\/strong><\/p>\n<p><em>Pour les \u00e9l\u00e8ves de 8H qui int\u00e8grent le cycle d\u2019orientation\u00a0<\/em><em>\u00e0 la rentr\u00e9e 2026<\/em><\/p>\n<p>&nbsp;<\/p>\n<p><!--more--><\/p>\n<p>&nbsp;<\/p>\n<p><strong>Objectifs<\/strong><\/p>\n<p>D\u00e9velopper des strat\u00e9gies d\u2019apprentissage ; renforcer la confiance en soi ; se doter d\u2019outils concret pour la gestion du stress ; comprendre le fonctionnement du CO ; d\u00e9velopper des outils d\u2019organisation du travail ; d\u00e9sacraliser le CO<\/p>\n<p><strong>Contenu<\/strong><\/p>\n<p>D\u00e9coder un horaire de classe, strat\u00e9gies d&#8217;apprentissage, gestion du stress, 1<sup>er<\/sup> jour d&#8217;\u00e9cole au CO, m\u00e9mo de rentr\u00e9e au CO, bo\u00eete \u00e0 outils, r\u00e9flexion sur les ressources \u00e0 disposition, gestion de l&#8217;agenda avec toutes les disciplines, r\u00f4le de l&#8217;\u00e9l\u00e8ve, activit\u00e9 sur les craintes et les attentes, gestion du t\u00e9l\u00e9phone portable.<\/p>\n<p><strong>Atelier anim\u00e9 par Pierre Fidanza<\/strong><\/p>\n<p>Dipl\u00f4me d\u2019enseignement secondaire (fran\u00e7ais, italien et \u00e9ducation physique) ;\u00a0CAS en m\u00e9diation scolaire ; formation en syst\u00e9mique \u00e0 l\u2019Escuela, \u00e9cole d\u2019art syst\u00e9mique de Lausanne ; enseignant au cycle d\u2019orientation de Jolimont depuis 2001 ; adjoint de direction au CO de 2006 \u00e0 2009 ; m\u00e9diateur scolaire depuis 2017 ; anime depuis trois ans des cours sur les strat\u00e9gies d\u2019apprentissage au CO de Jolimont<\/p>\n<p>Fr. 130.- les 3 matin\u00e9es<\/p>\n<p>Inscription: <a href=\"https:\/\/forms.gle\/HN7GzFSu4sWbbxMp6\">https:\/\/forms.gle\/HN7GzFSu4sWbbxMp6<\/a><\/p>\n<p>&nbsp;<\/p>\n<p>&nbsp;<\/p>\n<p>&nbsp;<\/p>\n<p>&nbsp;<\/p>\n<p>&nbsp;<\/p>\n<p>&nbsp;<\/p>\n","protected":false},"excerpt":{"rendered":"<p>Du 19 au 21 ao\u00fbt 2026, de 8h30 \u00e0 11h45 Pour les \u00e9l\u00e8ves de 8H qui int\u00e8grent le cycle d\u2019orientation\u00a0\u00e0 la rentr\u00e9e 2026 &nbsp;<\/p>\n","protected":false},"author":2,"featured_media":5895,"comment_status":"open","ping_status":"open","sticky":false,"template":"","format":"standard","meta":{"_acf_changed":false,"footnotes":""},"categories":[3],"tags":[],"class_list":["post-4396","post","type-post","status-publish","format-standard","hentry","category-unkategorisiert"],"acf":[],"yoast_head":"<!-- This site is optimized with the Yoast SEO plugin v24.3 - https:\/\/yoast.com\/wordpress\/plugins\/seo\/ -->\n<title>Willkommen bei der Ecole Priv\u00e9e Mol\u00e9son in Freiburg | Atelier &quot;Je me pr\u00e9pare au CO&quot;<\/title>\n<meta name=\"description\" content=\"Des outils pratiques et th\u00e9oriques pour g\u00e9rer au mieux l&#039;entr\u00e9e au cycle d&#039;orientation. Un bon moyen d&#039;assurer une rentr\u00e9e r\u00e9ussie!\" \/>\n<meta name=\"robots\" content=\"index, follow, max-snippet:-1, max-image-preview:large, max-video-preview:-1\" \/>\n<link rel=\"canonical\" href=\"https:\/\/www.epmfr.ch\/de\/preparation-co\/\" \/>\n<meta property=\"og:locale\" content=\"de_DE\" \/>\n<meta property=\"og:type\" content=\"article\" \/>\n<meta property=\"og:title\" content=\"Willkommen bei der Ecole Priv\u00e9e Mol\u00e9son in Freiburg | Atelier &quot;Je me pr\u00e9pare au CO&quot;\" \/>\n<meta property=\"og:description\" content=\"Des outils pratiques et th\u00e9oriques pour g\u00e9rer au mieux l&#039;entr\u00e9e au cycle d&#039;orientation. Un bon moyen d&#039;assurer une rentr\u00e9e r\u00e9ussie!\" \/>\n<meta property=\"og:url\" content=\"https:\/\/www.epmfr.ch\/de\/preparation-co\/\" \/>\n<meta property=\"og:site_name\" content=\"Willkommen bei der Ecole Priv\u00e9e Mol\u00e9son in Freiburg\" \/>\n<meta property=\"article:published_time\" content=\"2023-09-10T14:00:54+00:00\" \/>\n<meta property=\"article:modified_time\" content=\"2026-04-10T08:09:29+00:00\" \/>\n<meta property=\"og:image\" content=\"https:\/\/www.epmfr.ch\/wp-content\/uploads\/2026\/04\/Visuel-recto-jpg.jpg\" \/>\n\t<meta property=\"og:image:width\" content=\"1077\" \/>\n\t<meta property=\"og:image:height\" content=\"605\" \/>\n\t<meta property=\"og:image:type\" content=\"image\/jpeg\" \/>\n<meta name=\"author\" content=\"admin_epm\" \/>\n<meta name=\"twitter:card\" content=\"summary_large_image\" \/>\n<meta name=\"twitter:label1\" content=\"Verfasst von\" \/>\n\t<meta name=\"twitter:data1\" content=\"admin_epm\" \/>\n\t<meta name=\"twitter:label2\" content=\"Gesch\u00e4tzte Lesezeit\" \/>\n\t<meta name=\"twitter:data2\" content=\"2\u00a0Minuten\" \/>\n<script type=\"application\/ld+json\" class=\"yoast-schema-graph\">{\"@context\":\"https:\/\/schema.org\",\"@graph\":[{\"@type\":\"WebPage\",\"@id\":\"https:\/\/www.epmfr.ch\/de\/preparation-co\/\",\"url\":\"https:\/\/www.epmfr.ch\/de\/preparation-co\/\",\"name\":\"Willkommen bei der Ecole Priv\u00e9e Mol\u00e9son in Freiburg | Atelier \\\"Je me pr\u00e9pare au CO\\\"\",\"isPartOf\":{\"@id\":\"https:\/\/www.epmfr.ch\/#website\"},\"primaryImageOfPage\":{\"@id\":\"https:\/\/www.epmfr.ch\/de\/preparation-co\/#primaryimage\"},\"image\":{\"@id\":\"https:\/\/www.epmfr.ch\/de\/preparation-co\/#primaryimage\"},\"thumbnailUrl\":\"https:\/\/www.epmfr.ch\/wp-content\/uploads\/2026\/04\/Visuel-recto-jpg.jpg\",\"datePublished\":\"2023-09-10T14:00:54+00:00\",\"dateModified\":\"2026-04-10T08:09:29+00:00\",\"author\":{\"@id\":\"https:\/\/www.epmfr.ch\/#\/schema\/person\/fc298a95f6d1d4cb6a0e3983998cceb3\"},\"description\":\"Des outils pratiques et th\u00e9oriques pour g\u00e9rer au mieux l'entr\u00e9e au cycle d'orientation. Un bon moyen d'assurer une rentr\u00e9e r\u00e9ussie!\",\"breadcrumb\":{\"@id\":\"https:\/\/www.epmfr.ch\/de\/preparation-co\/#breadcrumb\"},\"inLanguage\":\"de\",\"potentialAction\":[{\"@type\":\"ReadAction\",\"target\":[\"https:\/\/www.epmfr.ch\/de\/preparation-co\/\"]}]},{\"@type\":\"ImageObject\",\"inLanguage\":\"de\",\"@id\":\"https:\/\/www.epmfr.ch\/de\/preparation-co\/#primaryimage\",\"url\":\"https:\/\/www.epmfr.ch\/wp-content\/uploads\/2026\/04\/Visuel-recto-jpg.jpg\",\"contentUrl\":\"https:\/\/www.epmfr.ch\/wp-content\/uploads\/2026\/04\/Visuel-recto-jpg.jpg\",\"width\":1077,\"height\":605},{\"@type\":\"BreadcrumbList\",\"@id\":\"https:\/\/www.epmfr.ch\/de\/preparation-co\/#breadcrumb\",\"itemListElement\":[{\"@type\":\"ListItem\",\"position\":1,\"name\":\"Accueil\",\"item\":\"https:\/\/www.epmfr.ch\/de\/\"},{\"@type\":\"ListItem\",\"position\":2,\"name\":\"Atelier \u00ab\u00a0Je me pr\u00e9pare au CO\u00a0\u00bb\"}]},{\"@type\":\"WebSite\",\"@id\":\"https:\/\/www.epmfr.ch\/#website\",\"url\":\"https:\/\/www.epmfr.ch\/\",\"name\":\"Willkommen bei der Ecole Priv\u00e9e Mol\u00e9son in Freiburg\",\"description\":\"\",\"potentialAction\":[{\"@type\":\"SearchAction\",\"target\":{\"@type\":\"EntryPoint\",\"urlTemplate\":\"https:\/\/www.epmfr.ch\/?s={search_term_string}\"},\"query-input\":{\"@type\":\"PropertyValueSpecification\",\"valueRequired\":true,\"valueName\":\"search_term_string\"}}],\"inLanguage\":\"de\"},{\"@type\":\"Person\",\"@id\":\"https:\/\/www.epmfr.ch\/#\/schema\/person\/fc298a95f6d1d4cb6a0e3983998cceb3\",\"name\":\"admin_epm\",\"image\":{\"@type\":\"ImageObject\",\"inLanguage\":\"de\",\"@id\":\"https:\/\/www.epmfr.ch\/#\/schema\/person\/image\/\",\"url\":\"https:\/\/secure.gravatar.com\/avatar\/1a2b1dffffe7942ea84aed8a80991c691ab68028889a6f8bea8a626e3c9e4bbf?s=96&d=mm&r=g\",\"contentUrl\":\"https:\/\/secure.gravatar.com\/avatar\/1a2b1dffffe7942ea84aed8a80991c691ab68028889a6f8bea8a626e3c9e4bbf?s=96&d=mm&r=g\",\"caption\":\"admin_epm\"},\"url\":\"https:\/\/www.epmfr.ch\/de\/author\/admin_epm\/\"}]}<\/script>\n<!-- \/ Yoast SEO plugin. -->","yoast_head_json":{"title":"Willkommen bei der Ecole Priv\u00e9e Mol\u00e9son in Freiburg | Atelier \"Je me pr\u00e9pare au CO\"","description":"Des outils pratiques et th\u00e9oriques pour g\u00e9rer au mieux l'entr\u00e9e au cycle d'orientation. Un bon moyen d'assurer une rentr\u00e9e r\u00e9ussie!","robots":{"index":"index","follow":"follow","max-snippet":"max-snippet:-1","max-image-preview":"max-image-preview:large","max-video-preview":"max-video-preview:-1"},"canonical":"https:\/\/www.epmfr.ch\/de\/preparation-co\/","og_locale":"de_DE","og_type":"article","og_title":"Willkommen bei der Ecole Priv\u00e9e Mol\u00e9son in Freiburg | Atelier \"Je me pr\u00e9pare au CO\"","og_description":"Des outils pratiques et th\u00e9oriques pour g\u00e9rer au mieux l'entr\u00e9e au cycle d'orientation. Un bon moyen d'assurer une rentr\u00e9e r\u00e9ussie!","og_url":"https:\/\/www.epmfr.ch\/de\/preparation-co\/","og_site_name":"Willkommen bei der Ecole Priv\u00e9e Mol\u00e9son in Freiburg","article_published_time":"2023-09-10T14:00:54+00:00","article_modified_time":"2026-04-10T08:09:29+00:00","og_image":[{"width":1077,"height":605,"url":"https:\/\/www.epmfr.ch\/wp-content\/uploads\/2026\/04\/Visuel-recto-jpg.jpg","type":"image\/jpeg"}],"author":"admin_epm","twitter_card":"summary_large_image","twitter_misc":{"Verfasst von":"admin_epm","Gesch\u00e4tzte Lesezeit":"2\u00a0Minuten"},"schema":{"@context":"https:\/\/schema.org","@graph":[{"@type":"WebPage","@id":"https:\/\/www.epmfr.ch\/de\/preparation-co\/","url":"https:\/\/www.epmfr.ch\/de\/preparation-co\/","name":"Willkommen bei der Ecole Priv\u00e9e Mol\u00e9son in Freiburg | Atelier \"Je me pr\u00e9pare au CO\"","isPartOf":{"@id":"https:\/\/www.epmfr.ch\/#website"},"primaryImageOfPage":{"@id":"https:\/\/www.epmfr.ch\/de\/preparation-co\/#primaryimage"},"image":{"@id":"https:\/\/www.epmfr.ch\/de\/preparation-co\/#primaryimage"},"thumbnailUrl":"https:\/\/www.epmfr.ch\/wp-content\/uploads\/2026\/04\/Visuel-recto-jpg.jpg","datePublished":"2023-09-10T14:00:54+00:00","dateModified":"2026-04-10T08:09:29+00:00","author":{"@id":"https:\/\/www.epmfr.ch\/#\/schema\/person\/fc298a95f6d1d4cb6a0e3983998cceb3"},"description":"Des outils pratiques et th\u00e9oriques pour g\u00e9rer au mieux l'entr\u00e9e au cycle d'orientation. Un bon moyen d'assurer une rentr\u00e9e r\u00e9ussie!","breadcrumb":{"@id":"https:\/\/www.epmfr.ch\/de\/preparation-co\/#breadcrumb"},"inLanguage":"de","potentialAction":[{"@type":"ReadAction","target":["https:\/\/www.epmfr.ch\/de\/preparation-co\/"]}]},{"@type":"ImageObject","inLanguage":"de","@id":"https:\/\/www.epmfr.ch\/de\/preparation-co\/#primaryimage","url":"https:\/\/www.epmfr.ch\/wp-content\/uploads\/2026\/04\/Visuel-recto-jpg.jpg","contentUrl":"https:\/\/www.epmfr.ch\/wp-content\/uploads\/2026\/04\/Visuel-recto-jpg.jpg","width":1077,"height":605},{"@type":"BreadcrumbList","@id":"https:\/\/www.epmfr.ch\/de\/preparation-co\/#breadcrumb","itemListElement":[{"@type":"ListItem","position":1,"name":"Accueil","item":"https:\/\/www.epmfr.ch\/de\/"},{"@type":"ListItem","position":2,"name":"Atelier \u00ab\u00a0Je me pr\u00e9pare au CO\u00a0\u00bb"}]},{"@type":"WebSite","@id":"https:\/\/www.epmfr.ch\/#website","url":"https:\/\/www.epmfr.ch\/","name":"Willkommen bei der Ecole Priv\u00e9e Mol\u00e9son in Freiburg","description":"","potentialAction":[{"@type":"SearchAction","target":{"@type":"EntryPoint","urlTemplate":"https:\/\/www.epmfr.ch\/?s={search_term_string}"},"query-input":{"@type":"PropertyValueSpecification","valueRequired":true,"valueName":"search_term_string"}}],"inLanguage":"de"},{"@type":"Person","@id":"https:\/\/www.epmfr.ch\/#\/schema\/person\/fc298a95f6d1d4cb6a0e3983998cceb3","name":"admin_epm","image":{"@type":"ImageObject","inLanguage":"de","@id":"https:\/\/www.epmfr.ch\/#\/schema\/person\/image\/","url":"https:\/\/secure.gravatar.com\/avatar\/1a2b1dffffe7942ea84aed8a80991c691ab68028889a6f8bea8a626e3c9e4bbf?s=96&d=mm&r=g","contentUrl":"https:\/\/secure.gravatar.com\/avatar\/1a2b1dffffe7942ea84aed8a80991c691ab68028889a6f8bea8a626e3c9e4bbf?s=96&d=mm&r=g","caption":"admin_epm"},"url":"https:\/\/www.epmfr.ch\/de\/author\/admin_epm\/"}]}},"_links":{"self":[{"href":"https:\/\/www.epmfr.ch\/de\/wp-json\/wp\/v2\/posts\/4396","targetHints":{"allow":["GET"]}}],"collection":[{"href":"https:\/\/www.epmfr.ch\/de\/wp-json\/wp\/v2\/posts"}],"about":[{"href":"https:\/\/www.epmfr.ch\/de\/wp-json\/wp\/v2\/types\/post"}],"author":[{"embeddable":true,"href":"https:\/\/www.epmfr.ch\/de\/wp-json\/wp\/v2\/users\/2"}],"replies":[{"embeddable":true,"href":"https:\/\/www.epmfr.ch\/de\/wp-json\/wp\/v2\/comments?post=4396"}],"version-history":[{"count":27,"href":"https:\/\/www.epmfr.ch\/de\/wp-json\/wp\/v2\/posts\/4396\/revisions"}],"predecessor-version":[{"id":5905,"href":"https:\/\/www.epmfr.ch\/de\/wp-json\/wp\/v2\/posts\/4396\/revisions\/5905"}],"wp:featuredmedia":[{"embeddable":true,"href":"https:\/\/www.epmfr.ch\/de\/wp-json\/wp\/v2\/media\/5895"}],"wp:attachment":[{"href":"https:\/\/www.epmfr.ch\/de\/wp-json\/wp\/v2\/media?parent=4396"}],"wp:term":[{"taxonomy":"category","embeddable":true,"href":"https:\/\/www.epmfr.ch\/de\/wp-json\/wp\/v2\/categories?post=4396"},{"taxonomy":"post_tag","embeddable":true,"href":"https:\/\/www.epmfr.ch\/de\/wp-json\/wp\/v2\/tags?post=4396"}],"curies":[{"name":"wp","href":"https:\/\/api.w.org\/{rel}","templated":true}]}}